{"id":14645,"global_id":"odg.cat\/es\/?id=14645","global_id_lineage":["odg.cat\/es\/?id=14645"],"author":"18","status":"publish","date":"2023-05-05 10:38:36","date_utc":"2023-05-05 08:38:36","modified":"2023-05-09 11:26:01","modified_utc":"2023-05-09 09:26:01","url":"https:\/\/odg.cat\/es\/activitat\/charla-que-es-el-ecofeminsimo\/","rest_url":"https:\/\/odg.cat\/es\/wp-json\/tribe\/events\/v1\/events\/14645","title":"Charla | \u00bfQu\u00e9 es el ecofeminsimo?","description":"<p>Los ecofeminismos son miradas al mundo, pero sobre todo son propuestas sociales, pol\u00edticas y civilizatorias para responder a la crisis de cuidados y la emergencia clim\u00e1tica. Con Julia Mart\u00ed y Gabriela Velez reflexionaremos sobre la necesidad de cambiar de paradigma: pasar de la productividad a la sostenibilidad de la vida. Debatiremos entre todas y compartiremos experiencias de defensoras del territorio, feministas, ecologistas, antirracistas, campesinas, sindicalistas\u2026 que desde territorios urbanos y rurales, del sur y el norte global luchamos contra los megaproyectos, la explotaci\u00f3n laboral, la contaminaci\u00f3n, la deuda y los recortes\u2026 y construyen alternativas ecofeministas. Esta charla forma parte de la Primavera Verde organizada por el Servicio Civil Internacional.<\/p>\n<blockquote><p><a href=\"https:\/\/oficina.scicat.org\/apps\/forms\/W6Sna7gGXinEDBwd\">InscripcionEs<\/a><\/p><\/blockquote>","excerpt":"","slug":"charla-que-es-el-ecofeminsimo","image":{"url":"https:\/\/odg.cat\/wp-content\/uploads\/2023\/05\/Xerrada-ecofeminisme-SCI.jpg","id":14650,"extension":"jpg","width":843,"height":843,"sizes":{"medium":{"width":300,"height":300,"mime-type":"image\/jpeg","url":"https:\/\/odg.cat\/wp-content\/uploads\/2023\/05\/Xerrada-ecofeminisme-SCI-300x300.jpg"},"thumbnail":{"width":150,"height":150,"mime-type":"image\/jpeg","url":"https:\/\/odg.cat\/wp-content\/uploads\/2023\/05\/Xerrada-ecofeminisme-SCI-150x150.jpg"},"medium_large":{"width":768,"height":768,"mime-type":"image\/jpeg","url":"https:\/\/odg.cat\/wp-content\/uploads\/2023\/05\/Xerrada-ecofeminisme-SCI-768x768.jpg"},"fiat_thumb":{"width":60,"height":60,"mime-type":"image\/jpeg","url":"https:\/\/odg.cat\/wp-content\/uploads\/2023\/05\/Xerrada-ecofeminisme-SCI-60x60.jpg"},"penci-thumb-480-645":{"width":480,"height":645,"mime-type":"image\/jpeg","url":"https:\/\/odg.cat\/wp-content\/uploads\/2023\/05\/Xerrada-ecofeminisme-SCI-480x645.jpg"},"penci-thumb-480-480":{"width":480,"height":480,"mime-type":"image\/jpeg","url":"https:\/\/odg.cat\/wp-content\/uploads\/2023\/05\/Xerrada-ecofeminisme-SCI-480x480.jpg"},"penci-thumb-480-320":{"width":480,"height":320,"mime-type":"image\/jpeg","url":"https:\/\/odg.cat\/wp-content\/uploads\/2023\/05\/Xerrada-ecofeminisme-SCI-480x320.jpg"},"penci-thumb-280-376":{"width":280,"height":376,"mime-type":"image\/jpeg","url":"https:\/\/odg.cat\/wp-content\/uploads\/2023\/05\/Xerrada-ecofeminisme-SCI-280x376.jpg"},"penci-thumb-280-186":{"width":280,"height":186,"mime-type":"image\/jpeg","url":"https:\/\/odg.cat\/wp-content\/uploads\/2023\/05\/Xerrada-ecofeminisme-SCI-280x186.jpg"},"penci-thumb-280-280":{"width":280,"height":280,"mime-type":"image\/jpeg","url":"https:\/\/odg.cat\/wp-content\/uploads\/2023\/05\/Xerrada-ecofeminisme-SCI-280x280.jpg"},"penci-thumb-760-570":{"width":760,"height":570,"mime-type":"image\/jpeg","url":"https:\/\/odg.cat\/wp-content\/uploads\/2023\/05\/Xerrada-ecofeminisme-SCI-760x570.jpg"},"penci-thumb-auto-400":{"width":400,"height":400,"mime-type":"image\/jpeg","url":"https:\/\/odg.cat\/wp-content\/uploads\/2023\/05\/Xerrada-ecofeminisme-SCI-400x400.jpg"},"penci-masonry-thumb":{"width":585,"height":585,"mime-type":"image\/jpeg","url":"https:\/\/odg.cat\/wp-content\/uploads\/2023\/05\/Xerrada-ecofeminisme-SCI-585x585.jpg"}}},"all_day":false,"start_date":"2023-05-12 18:00:00","start_date_details":{"year":"2023","month":"05","day":"12","hour":"18","minutes":"00","seconds":"00"},"end_date":"2023-05-12 20:00:00","end_date_details":{"year":"2023","month":"05","day":"12","hour":"20","minutes":"00","seconds":"00"},"utc_start_date":"2023-05-12 15:00:00","utc_start_date_details":{"year":"2023","month":"05","day":"12","hour":"15","minutes":"00","seconds":"00"},"utc_end_date":"2023-05-12 17:00:00","utc_end_date_details":{"year":"2023","month":"05","day":"12","hour":"17","minutes":"00","seconds":"00"},"timezone":"UTC+2","timezone_abbr":"UTC+2","cost":"","cost_details":{"currency_symbol":"","currency_code":"","currency_position":"suffix","values":[]},"website":"","show_map":true,"show_map_link":true,"hide_from_listings":false,"sticky":false,"featured":false,"categories":[],"tags":[],"venue":{"id":11956,"author":"18","status":"publish","date":"2022-04-07 10:27:43","date_utc":"2022-04-07 08:27:43","modified":"2022-04-07 10:27:43","modified_utc":"2022-04-07 08:27:43","url":"https:\/\/odg.cat\/local\/la-vaqueria-de-lsci\/","venue":"La Vaqueria de l&#8217;SCI","slug":"la-vaqueria-de-lsci","address":"c\/ del Carme 95 Baixos","city":"Barcelona","json_ld":{"@type":"Place","name":"La Vaqueria de l&#8217;SCI","description":"","url":"","address":{"@type":"PostalAddress","streetAddress":"c\/ del Carme 95 Baixos","addressLocality":"Barcelona"},"telephone":"","sameAs":""},"show_map":true,"show_map_link":true,"global_id":"odg.cat\/es\/?id=11956","global_id_lineage":["odg.cat\/es\/?id=11956"]},"organizer":[{"id":11957,"author":"18","status":"publish","date":"2022-04-07 10:27:44","date_utc":"2022-04-07 08:27:44","modified":"2022-04-07 10:27:44","modified_utc":"2022-04-07 08:27:44","url":"https:\/\/odg.cat\/organizador\/servei-civil-internacional\/","organizer":"Servei Civil Internacional","slug":"servei-civil-internacional","website":"www.scicat.org","json_ld":{"@type":"Person","name":"Servei Civil Internacional","description":"","url":"http:\/\/www.scicat.org","telephone":"","email":"","sameAs":"http:\/\/www.scicat.org"},"global_id":"odg.cat\/es\/?id=11957","global_id_lineage":["odg.cat\/es\/?id=11957"]}],"custom_fields":[],"json_ld":{"@context":"http:\/\/schema.org","@type":"Event","name":"Charla | \u00bfQu\u00e9 es el ecofeminsimo?","description":"&lt;p&gt;Los ecofeminismos son miradas al mundo, pero sobre todo son propuestas sociales, pol\u00edticas y civilizatorias para responder a la crisis de cuidados y la emergencia clim\u00e1tica. Con Julia Mart\u00ed y Gabriela Velez reflexionaremos sobre la necesidad de cambiar de paradigma: pasar de la productividad a la sostenibilidad de la vida. Debatiremos entre todas y compartiremos experiencias de defensoras del territorio, feministas, ecologistas, antirracistas, campesinas, sindicalistas\u2026 que desde territorios urbanos y rurales, del sur y el norte global luchamos contra los megaproyectos, la explotaci\u00f3n laboral, la contaminaci\u00f3n, la deuda y los recortes\u2026 y construyen alternativas ecofeministas. Esta charla forma parte de la Primavera Verde organizada por el Servicio Civil Internacional. InscripcionEs&lt;\/p&gt;\\n","image":"https:\/\/odg.cat\/wp-content\/uploads\/2023\/05\/Xerrada-ecofeminisme-SCI.jpg","url":"https:\/\/odg.cat\/es\/activitat\/charla-que-es-el-ecofeminsimo\/","eventAttendanceMode":"https:\/\/schema.org\/OfflineEventAttendanceMode","eventStatus":"https:\/\/schema.org\/EventScheduled","startDate":"2023-05-12T18:00:00+02:00","endDate":"2023-05-12T20:00:00+02:00","location":{"@type":"Place","name":"La Vaqueria de l&#8217;SCI","description":"","url":"","address":{"@type":"PostalAddress","streetAddress":"c\/ del Carme 95 Baixos","addressLocality":"Barcelona"},"telephone":"","sameAs":""},"organizer":{"@type":"Person","name":"Servei Civil Internacional","description":"","url":"http:\/\/www.scicat.org","telephone":"","email":"","sameAs":"http:\/\/www.scicat.org"},"performer":"Organization"}}